{"id":2118,"date":"2024-04-02T04:11:16","date_gmt":"2024-04-02T02:11:16","guid":{"rendered":"https:\/\/mythiqs.fr\/?p=2118"},"modified":"2025-07-02T16:00:17","modified_gmt":"2025-07-02T14:00:17","slug":"gestion-logistique-dun-stand-exposition","status":"publish","type":"post","link":"https:\/\/mythiqs.fr\/en\/blog\/gestion-logistique-dun-stand-exposition\/","title":{"rendered":"Gestion logistique d&rsquo;un stand exposition"},"content":{"rendered":"<p>Dans cet article, nous explorerons le processus complexe de gestion logistique d&rsquo;un <a href=\"https:\/\/mythiqs.fr\/en\/\"><strong>stand exposition<\/strong><\/a>. Nous aborderons quatre aspects cl\u00e9s : la planification de l&rsquo;exposition, la coordination du transport, la r\u00e9alisation du montage et enfin, la gestion apr\u00e8s \u00e9v\u00e9nement.<\/p>\n<h2>La planification de l&rsquo;exposition<\/h2>\n<p>La planification d&rsquo;une exposition n\u00e9cessite une gestion logistique rigoureuse pour assurer le bon d\u00e9roulement de l&rsquo;\u00e9v\u00e9nement. Elle d\u00e9bute par la s\u00e9lection et la r\u00e9servation du stand aupr\u00e8s du <strong>standiste<\/strong>, phase qui doit prendre en compte non seulement les exigences sp\u00e9cifiques de votre entreprise, mais \u00e9galement les limitations li\u00e9es au lieu de l&rsquo;exposition. En parall\u00e8le \u00e0 ces proc\u00e9dures administratives, il est imp\u00e9ratif de pr\u00e9parer minutieusement\u00a0<strong>les \u00e9l\u00e9ments d\u00e9coratifs<\/strong>\u00a0du <strong>stand expo<\/strong> tels que\u00a0<strong>les supports visuels<\/strong>, le mobilier ou encore\u00a0<strong>l&rsquo;\u00e9clairage<\/strong>\u00a0afin qu&rsquo;ils soient en ad\u00e9quation avec l&rsquo;image que vous souhaitez projeter aupr\u00e8s des visiteurs. Il est essentiel d&rsquo;harmoniser votre cr\u00e9ation et votre production avec les diff\u00e9rents fournisseurs concern\u00e9s. Le transport et la mise en place sur le site demandent aussi une organisation irr\u00e9prochable. Le d\u00e9placement des biens doit suivre un calendrier pr\u00e9cis pour s&rsquo;assurer qu&rsquo;ils arrivent au moment opportun sans dommages. C&rsquo;est dans ce contexte que notre th\u00e8me prend tout son sens :\u00a0<a href=\"https:\/\/mythiqs.fr\/en\/blog\/optimiser-lespace-dun-stand-salon\/\">optimiser l&rsquo;espace du stand salon pour accro\u00eetre son impact visuel tout en \u00e9conomisant les ressources mat\u00e9rielles<\/a>. La cl\u00e9 de nos participations r\u00e9ussies aux expositions professionnelles repose indubitablement sur une gestion logistique efficace o\u00f9 chaque \u00e9tape a une importance vitale.<\/p>\n<h2>La coordination du transport de votre stand expo<\/h2>\n<h3>Optimiser l&rsquo;acheminement du stand expo dans le hall<\/h3>\n<p>La gestion logistique d&rsquo;un <a href=\"https:\/\/mythiqs.fr\/en\/stand-traditionnel\/\"><strong>stand expo<\/strong><\/a> implique la coordination du transport des diff\u00e9rents composants qui forment le stand. Il est crucial de noter que chaque \u00e9tape de ce processus n\u00e9cessite une planification et une\u00a0<strong>optimisation<\/strong>\u00a0rigoureuses pour assurer un acheminement efficace et sans erreur. L\u2019usage d\u2019un syst\u00e8me de suivi, par exemple, offre une surveillance continue et met \u00e0 jour les informations sur les itin\u00e9raires en temps r\u00e9el pour anticiper tout retard ou probl\u00e8me et cela d\u2019autant plus quand vous exposer \u00e0 l\u2019\u00e9tranger.<\/p>\n<h3>Gestion des contr\u00f4les douaniers<\/h3>\n<p>Lorsque votre exposition n\u00e9cessite un transport international, il est primordial de pr\u00e9parer en amont les formalit\u00e9s douani\u00e8res. Ces derni\u00e8res peuvent \u00eatre complexes et demandent souvent une expertise sp\u00e9cifique pour \u00e9viter des probl\u00e8mes ou complications impr\u00e9vues. Il est vivement conseill\u00e9 de recourir \u00e0 un transitaire exp\u00e9riment\u00e9 qui s&rsquo;occupe<strong>ra<\/strong>\u00a0de ces aspects sensibles : connaissance requise des r\u00e8glementations internationales, documentation appropri\u00e9e et acquittement des droits exig\u00e9s.<\/p>\n<h3>S\u00e9curisation de la livraison<\/h3>\n<p><strong>Garantir la s\u00e9curit\u00e9 durant le transport repr\u00e9sente un engagement vital dans notre m\u00e9tier.<\/strong>\u00a0Mise en \u0153uvre de syst\u00e8mes antivol pendant le parcours, contr\u00f4le p\u00e9riodique du mat\u00e9riel transport\u00e9 &#8211; toutes ces mesures nous permettent d\u2019assurer \u00e0 nos clients une livraison fiable et s\u00e9curis\u00e9e. La tranquillit\u00e9 qu&rsquo;apporte cette s\u00e9curit\u00e9 participe incontestablement \u00e0 l\u2019efficacit\u00e9 g\u00e9n\u00e9rale du processus logistique.<\/p>\n<h2>La r\u00e9alisation du montage de stand<\/h2>\n<p>Une fois la planification achev\u00e9e et le transport coordonn\u00e9, vient l&rsquo;\u00e9tape cruciale de la r\u00e9alisation du <a href=\"https:\/\/mythiqs.fr\/en\/prestations\/\"><strong>montage de stand<\/strong><\/a>. Une gestion logistique efficace n\u00e9cessite une mise en place minutieuse et rigoureuse des diff\u00e9rents \u00e9l\u00e9ments constituant le stand d&rsquo;exposition.<\/p>\n<p>Il est\u00a0<strong>judicieusement recommand\u00e9<\/strong>\u00a0de suivre ces \u00e9tapes :<\/p>\n<ul>\n<li><strong>Anticipez<\/strong>\u00a0en pr\u00e9parant les outils et mat\u00e9riaux n\u00e9cessaires pour \u00e9viter toute interruption lors du montage.<\/li>\n<li><strong>Contr\u00f4lez r\u00e9guli\u00e8rement<\/strong>\u00a0l&rsquo;alignement des structures pour assurer leur stabilit\u00e9.<\/li>\n<li><strong>Disposez les produits ou services \u00e0 pr\u00e9senter de mani\u00e8re strat\u00e9gique<\/strong>\u00a0pour maximiser la visibilit\u00e9.<\/li>\n<li>R\u00e9alisez tous les branchements \u00e9lectriques avec vigilance afin d&rsquo;\u00e9liminer tout risque de court-circuit.<\/li>\n<li>Allouez toujours un espace suffisant pour faciliter le d\u00e9placement des visiteurs autour du stand.<\/li>\n<\/ul>\n<p>Cela permettra non seulement d&rsquo;attirer davantage de visiteurs, contribuera \u00e0 offrir une exp\u00e9rience positive aux participants, ce qui pourrait se traduire par un impact commercial significatif.<\/p>\n<h2>La gestion apr\u00e8s \u00e9v\u00e9nement<\/h2>\n<h3>Le d\u00e9montage efficace du stand expo<\/h3>\n<p>Apr\u00e8s l&rsquo;\u00e9v\u00e9nement, un\u00a0<strong>d\u00e9montage minutieux et efficace<\/strong>\u00a0est une \u00e9tape cruciale. Il est essentiel de suivre les protocoles \u00e9tablis pour pr\u00e9venir tout dommage du mat\u00e9riel d&rsquo;exposition, peu importe la\u00a0<a href=\"https:\/\/mythiqs.fr\/en\/blog\/stand-exposition-stand-salon\/\">vari\u00e9t\u00e9 du stand salon utilis\u00e9<\/a>. Le but n&rsquo;est pas uniquement de maintenir la long\u00e9vit\u00e9 des \u00e9quipements, mais aussi d&rsquo;optimiser leur exploitation lors des \u00e9v\u00e9nements ult\u00e9rieurs.<\/p>\n<h3>L&rsquo;organisation du stockage<\/h3>\n<p>Suite au d\u00e9montage r\u00e9alis\u00e9, l&rsquo;\u00e9tape cons\u00e9cutive se r\u00e9sume \u00e0 agencer le rangement des \u00e9quipements pour un <a href=\"https:\/\/mythiqs.fr\/en\/process\/\"><strong>stockage de stand<\/strong><\/a>. Les \u00e9l\u00e9ments devraient \u00eatre tri\u00e9s de mani\u00e8re syst\u00e9matique pour simplifier leur consultation future et garantir leur disponibilit\u00e9 instantan\u00e9e lors d&rsquo;une exposition prochaine. Gardons \u00e0 l&rsquo;esprit que chaque composant a son r\u00f4le dans le succ\u00e8s global d&rsquo;un\u00a0<strong>stand exposition<\/strong>.<\/p>\n<p>Vous avez des questions\u00a0? Besoin d\u2019information pour fabriquer votre projet\u00a0? contactez Mythiqs au 01 60 01 18 18<\/p>","protected":false},"excerpt":{"rendered":"<p>Dans un monde de plus en plus comp\u00e9titif, comment se d\u00e9marquer avec un corner ou pop up store original au sein d\u2019un centre commercial ? Nous allons vous parler de l&rsquo;importance cruciale de la personnalisation, de l\u2019analyse des techniques d&rsquo;optimisation <\/p>","protected":false},"author":3,"featured_media":2119,"comment_status":"closed","ping_status":"open","sticky":false,"template":"","format":"standard","meta":{"_et_pb_use_builder":"","_et_pb_old_content":"","_et_gb_content_width":"","footnotes":""},"categories":[1],"tags":[],"class_list":["post-2118","post","type-post","status-publish","format-standard","has-post-thumbnail","hentry","category-non-classe"],"yoast_head":"<!-- This site is optimized with the Yoast SEO plugin v28.3 - https:\/\/yoast.com\/product\/yoast-seo-wordpress\/ -->\n<title>Optimisez la logistique de votre stand exposition<\/title>\n<meta name=\"description\" content=\"Optimisez la gestion logistique de votre stand d&#039;exposition : la planification, la coordination du transport, le montage\" \/>\n<meta name=\"robots\" content=\"index, follow, max-snippet:-1, max-image-preview:large, max-video-preview:-1\" \/>\n<link rel=\"canonical\" href=\"https:\/\/mythiqs.fr\/en\/blog\/gestion-logistique-dun-stand-exposition\/\" \/>\n<meta property=\"og:locale\" content=\"en_GB\" \/>\n<meta property=\"og:type\" content=\"article\" \/>\n<meta property=\"og:title\" content=\"Optimisez la logistique de votre stand exposition\" \/>\n<meta property=\"og:description\" content=\"Optimisez la gestion logistique de votre stand d&#039;exposition : la planification, la coordination du transport, le montage\" \/>\n<meta property=\"og:url\" content=\"https:\/\/mythiqs.fr\/en\/blog\/gestion-logistique-dun-stand-exposition\/\" \/>\n<meta property=\"og:site_name\" content=\"Mythiqs\" \/>\n<meta property=\"article:publisher\" content=\"https:\/\/www.facebook.com\/mythiqs\/\" \/>\n<meta property=\"article:published_time\" content=\"2024-04-02T02:11:16+00:00\" \/>\n<meta property=\"article:modified_time\" content=\"2025-07-02T14:00:17+00:00\" \/>\n<meta property=\"og:image\" content=\"https:\/\/mythiqs.fr\/wp-content\/uploads\/2024\/04\/2024-04-C.jpg\" \/>\n\t<meta property=\"og:image:width\" content=\"720\" \/>\n\t<meta property=\"og:image:height\" content=\"340\" \/>\n\t<meta property=\"og:image:type\" content=\"image\/jpeg\" \/>\n<meta name=\"author\" content=\"admin-agencels\" \/>\n<meta name=\"twitter:card\" content=\"summary_large_image\" \/>\n<meta name=\"twitter:creator\" content=\"@InfoMythiqs\" \/>\n<meta name=\"twitter:site\" content=\"@InfoMythiqs\" \/>\n<meta name=\"twitter:label1\" content=\"Written by\" \/>\n\t<meta name=\"twitter:data1\" content=\"admin-agencels\" \/>\n\t<meta name=\"twitter:label2\" content=\"Estimated reading time\" \/>\n\t<meta name=\"twitter:data2\" content=\"4 minutes\" \/>\n<script type=\"application\/ld+json\" class=\"yoast-schema-graph\">{\"@context\":\"https:\\\/\\\/schema.org\",\"@graph\":[{\"@type\":\"Article\",\"@id\":\"https:\\\/\\\/mythiqs.fr\\\/blog\\\/gestion-logistique-dun-stand-exposition\\\/#article\",\"isPartOf\":{\"@id\":\"https:\\\/\\\/mythiqs.fr\\\/blog\\\/gestion-logistique-dun-stand-exposition\\\/\"},\"author\":{\"name\":\"admin-agencels\",\"@id\":\"https:\\\/\\\/mythiqs.fr\\\/#\\\/schema\\\/person\\\/e3fd61620a6a5c9d9765f5de083c3986\"},\"headline\":\"Gestion logistique d&rsquo;un stand exposition\",\"datePublished\":\"2024-04-02T02:11:16+00:00\",\"dateModified\":\"2025-07-02T14:00:17+00:00\",\"mainEntityOfPage\":{\"@id\":\"https:\\\/\\\/mythiqs.fr\\\/blog\\\/gestion-logistique-dun-stand-exposition\\\/\"},\"wordCount\":875,\"publisher\":{\"@id\":\"https:\\\/\\\/mythiqs.fr\\\/#organization\"},\"image\":{\"@id\":\"https:\\\/\\\/mythiqs.fr\\\/blog\\\/gestion-logistique-dun-stand-exposition\\\/#primaryimage\"},\"thumbnailUrl\":\"https:\\\/\\\/mythiqs.fr\\\/wp-content\\\/uploads\\\/2024\\\/04\\\/2024-04-C.jpg\",\"articleSection\":[\"Non class\u00e9\"],\"inLanguage\":\"en-GB\"},{\"@type\":\"WebPage\",\"@id\":\"https:\\\/\\\/mythiqs.fr\\\/blog\\\/gestion-logistique-dun-stand-exposition\\\/\",\"url\":\"https:\\\/\\\/mythiqs.fr\\\/blog\\\/gestion-logistique-dun-stand-exposition\\\/\",\"name\":\"Optimisez la logistique de votre stand exposition\",\"isPartOf\":{\"@id\":\"https:\\\/\\\/mythiqs.fr\\\/#website\"},\"primaryImageOfPage\":{\"@id\":\"https:\\\/\\\/mythiqs.fr\\\/blog\\\/gestion-logistique-dun-stand-exposition\\\/#primaryimage\"},\"image\":{\"@id\":\"https:\\\/\\\/mythiqs.fr\\\/blog\\\/gestion-logistique-dun-stand-exposition\\\/#primaryimage\"},\"thumbnailUrl\":\"https:\\\/\\\/mythiqs.fr\\\/wp-content\\\/uploads\\\/2024\\\/04\\\/2024-04-C.jpg\",\"datePublished\":\"2024-04-02T02:11:16+00:00\",\"dateModified\":\"2025-07-02T14:00:17+00:00\",\"description\":\"Optimisez la gestion logistique de votre stand d'exposition : la planification, la coordination du transport, le montage\",\"breadcrumb\":{\"@id\":\"https:\\\/\\\/mythiqs.fr\\\/blog\\\/gestion-logistique-dun-stand-exposition\\\/#breadcrumb\"},\"inLanguage\":\"en-GB\",\"potentialAction\":[{\"@type\":\"ReadAction\",\"target\":[\"https:\\\/\\\/mythiqs.fr\\\/blog\\\/gestion-logistique-dun-stand-exposition\\\/\"]}]},{\"@type\":\"ImageObject\",\"inLanguage\":\"en-GB\",\"@id\":\"https:\\\/\\\/mythiqs.fr\\\/blog\\\/gestion-logistique-dun-stand-exposition\\\/#primaryimage\",\"url\":\"https:\\\/\\\/mythiqs.fr\\\/wp-content\\\/uploads\\\/2024\\\/04\\\/2024-04-C.jpg\",\"contentUrl\":\"https:\\\/\\\/mythiqs.fr\\\/wp-content\\\/uploads\\\/2024\\\/04\\\/2024-04-C.jpg\",\"width\":720,\"height\":340,\"caption\":\"stand exposition | stand sur mesure | standiste paris\"},{\"@type\":\"BreadcrumbList\",\"@id\":\"https:\\\/\\\/mythiqs.fr\\\/blog\\\/gestion-logistique-dun-stand-exposition\\\/#breadcrumb\",\"itemListElement\":[{\"@type\":\"ListItem\",\"position\":1,\"name\":\"Accueil\",\"item\":\"https:\\\/\\\/mythiqs.fr\\\/\"},{\"@type\":\"ListItem\",\"position\":2,\"name\":\"Gestion logistique d&rsquo;un stand exposition\"}]},{\"@type\":\"WebSite\",\"@id\":\"https:\\\/\\\/mythiqs.fr\\\/#website\",\"url\":\"https:\\\/\\\/mythiqs.fr\\\/\",\"name\":\"Mythiqs\",\"description\":\"FABRICANT DE STAND SUR MESURE\",\"publisher\":{\"@id\":\"https:\\\/\\\/mythiqs.fr\\\/#organization\"},\"potentialAction\":[{\"@type\":\"SearchAction\",\"target\":{\"@type\":\"EntryPoint\",\"urlTemplate\":\"https:\\\/\\\/mythiqs.fr\\\/?s={search_term_string}\"},\"query-input\":{\"@type\":\"PropertyValueSpecification\",\"valueRequired\":true,\"valueName\":\"search_term_string\"}}],\"inLanguage\":\"en-GB\"},{\"@type\":\"Organization\",\"@id\":\"https:\\\/\\\/mythiqs.fr\\\/#organization\",\"name\":\"Mythiqs\",\"url\":\"https:\\\/\\\/mythiqs.fr\\\/\",\"logo\":{\"@type\":\"ImageObject\",\"inLanguage\":\"en-GB\",\"@id\":\"https:\\\/\\\/mythiqs.fr\\\/#\\\/schema\\\/logo\\\/image\\\/\",\"url\":\"https:\\\/\\\/mythiqs.fr\\\/wp-content\\\/uploads\\\/2022\\\/05\\\/cropped-logo-mythiqs@1x.png\",\"contentUrl\":\"https:\\\/\\\/mythiqs.fr\\\/wp-content\\\/uploads\\\/2022\\\/05\\\/cropped-logo-mythiqs@1x.png\",\"width\":512,\"height\":512,\"caption\":\"Mythiqs\"},\"image\":{\"@id\":\"https:\\\/\\\/mythiqs.fr\\\/#\\\/schema\\\/logo\\\/image\\\/\"},\"sameAs\":[\"https:\\\/\\\/www.facebook.com\\\/mythiqs\\\/\",\"https:\\\/\\\/x.com\\\/InfoMythiqs\",\"https:\\\/\\\/www.linkedin.com\\\/company\\\/15221483\\\/admin\\\/updates\\\/\",\"https:\\\/\\\/www.instagram.com\\\/mythiqs\\\/\",\"https:\\\/\\\/www.youtube.com\\\/channel\\\/UCfo4CuASuq9PoX--Z7C9UWg\"]},{\"@type\":\"Person\",\"@id\":\"https:\\\/\\\/mythiqs.fr\\\/#\\\/schema\\\/person\\\/e3fd61620a6a5c9d9765f5de083c3986\",\"name\":\"admin-agencels\",\"image\":{\"@type\":\"ImageObject\",\"inLanguage\":\"en-GB\",\"@id\":\"https:\\\/\\\/secure.gravatar.com\\\/avatar\\\/8f42de83268375d411dffdef58ab203c477840dd3b5fec1834d94b3b3752d5c6?s=96&d=mm&r=g\",\"url\":\"https:\\\/\\\/secure.gravatar.com\\\/avatar\\\/8f42de83268375d411dffdef58ab203c477840dd3b5fec1834d94b3b3752d5c6?s=96&d=mm&r=g\",\"contentUrl\":\"https:\\\/\\\/secure.gravatar.com\\\/avatar\\\/8f42de83268375d411dffdef58ab203c477840dd3b5fec1834d94b3b3752d5c6?s=96&d=mm&r=g\",\"caption\":\"admin-agencels\"},\"url\":\"https:\\\/\\\/mythiqs.fr\\\/en\\\/blog\\\/author\\\/admin-agencels\\\/\"}]}<\/script>\n<!-- \/ Yoast SEO plugin. -->","yoast_head_json":{"title":"Optimisez la logistique de votre stand exposition","description":"Optimisez la gestion logistique de votre stand d'exposition : la planification, la coordination du transport, le montage","robots":{"index":"index","follow":"follow","max-snippet":"max-snippet:-1","max-image-preview":"max-image-preview:large","max-video-preview":"max-video-preview:-1"},"canonical":"https:\/\/mythiqs.fr\/en\/blog\/gestion-logistique-dun-stand-exposition\/","og_locale":"en_GB","og_type":"article","og_title":"Optimisez la logistique de votre stand exposition","og_description":"Optimisez la gestion logistique de votre stand d'exposition : la planification, la coordination du transport, le montage","og_url":"https:\/\/mythiqs.fr\/en\/blog\/gestion-logistique-dun-stand-exposition\/","og_site_name":"Mythiqs","article_publisher":"https:\/\/www.facebook.com\/mythiqs\/","article_published_time":"2024-04-02T02:11:16+00:00","article_modified_time":"2025-07-02T14:00:17+00:00","og_image":[{"width":720,"height":340,"url":"https:\/\/mythiqs.fr\/wp-content\/uploads\/2024\/04\/2024-04-C.jpg","type":"image\/jpeg"}],"author":"admin-agencels","twitter_card":"summary_large_image","twitter_creator":"@InfoMythiqs","twitter_site":"@InfoMythiqs","twitter_misc":{"Written by":"admin-agencels","Estimated reading time":"4 minutes"},"schema":{"@context":"https:\/\/schema.org","@graph":[{"@type":"Article","@id":"https:\/\/mythiqs.fr\/blog\/gestion-logistique-dun-stand-exposition\/#article","isPartOf":{"@id":"https:\/\/mythiqs.fr\/blog\/gestion-logistique-dun-stand-exposition\/"},"author":{"name":"admin-agencels","@id":"https:\/\/mythiqs.fr\/#\/schema\/person\/e3fd61620a6a5c9d9765f5de083c3986"},"headline":"Gestion logistique d&rsquo;un stand exposition","datePublished":"2024-04-02T02:11:16+00:00","dateModified":"2025-07-02T14:00:17+00:00","mainEntityOfPage":{"@id":"https:\/\/mythiqs.fr\/blog\/gestion-logistique-dun-stand-exposition\/"},"wordCount":875,"publisher":{"@id":"https:\/\/mythiqs.fr\/#organization"},"image":{"@id":"https:\/\/mythiqs.fr\/blog\/gestion-logistique-dun-stand-exposition\/#primaryimage"},"thumbnailUrl":"https:\/\/mythiqs.fr\/wp-content\/uploads\/2024\/04\/2024-04-C.jpg","articleSection":["Non class\u00e9"],"inLanguage":"en-GB"},{"@type":"WebPage","@id":"https:\/\/mythiqs.fr\/blog\/gestion-logistique-dun-stand-exposition\/","url":"https:\/\/mythiqs.fr\/blog\/gestion-logistique-dun-stand-exposition\/","name":"Optimisez la logistique de votre stand exposition","isPartOf":{"@id":"https:\/\/mythiqs.fr\/#website"},"primaryImageOfPage":{"@id":"https:\/\/mythiqs.fr\/blog\/gestion-logistique-dun-stand-exposition\/#primaryimage"},"image":{"@id":"https:\/\/mythiqs.fr\/blog\/gestion-logistique-dun-stand-exposition\/#primaryimage"},"thumbnailUrl":"https:\/\/mythiqs.fr\/wp-content\/uploads\/2024\/04\/2024-04-C.jpg","datePublished":"2024-04-02T02:11:16+00:00","dateModified":"2025-07-02T14:00:17+00:00","description":"Optimisez la gestion logistique de votre stand d'exposition : la planification, la coordination du transport, le montage","breadcrumb":{"@id":"https:\/\/mythiqs.fr\/blog\/gestion-logistique-dun-stand-exposition\/#breadcrumb"},"inLanguage":"en-GB","potentialAction":[{"@type":"ReadAction","target":["https:\/\/mythiqs.fr\/blog\/gestion-logistique-dun-stand-exposition\/"]}]},{"@type":"ImageObject","inLanguage":"en-GB","@id":"https:\/\/mythiqs.fr\/blog\/gestion-logistique-dun-stand-exposition\/#primaryimage","url":"https:\/\/mythiqs.fr\/wp-content\/uploads\/2024\/04\/2024-04-C.jpg","contentUrl":"https:\/\/mythiqs.fr\/wp-content\/uploads\/2024\/04\/2024-04-C.jpg","width":720,"height":340,"caption":"stand exposition | stand sur mesure | standiste paris"},{"@type":"BreadcrumbList","@id":"https:\/\/mythiqs.fr\/blog\/gestion-logistique-dun-stand-exposition\/#breadcrumb","itemListElement":[{"@type":"ListItem","position":1,"name":"Accueil","item":"https:\/\/mythiqs.fr\/"},{"@type":"ListItem","position":2,"name":"Gestion logistique d&rsquo;un stand exposition"}]},{"@type":"WebSite","@id":"https:\/\/mythiqs.fr\/#website","url":"https:\/\/mythiqs.fr\/","name":"Mythiqs","description":"FABRICANT DE STAND SUR MESURE","publisher":{"@id":"https:\/\/mythiqs.fr\/#organization"},"potentialAction":[{"@type":"SearchAction","target":{"@type":"EntryPoint","urlTemplate":"https:\/\/mythiqs.fr\/?s={search_term_string}"},"query-input":{"@type":"PropertyValueSpecification","valueRequired":true,"valueName":"search_term_string"}}],"inLanguage":"en-GB"},{"@type":"Organization","@id":"https:\/\/mythiqs.fr\/#organization","name":"Mythiqs","url":"https:\/\/mythiqs.fr\/","logo":{"@type":"ImageObject","inLanguage":"en-GB","@id":"https:\/\/mythiqs.fr\/#\/schema\/logo\/image\/","url":"https:\/\/mythiqs.fr\/wp-content\/uploads\/2022\/05\/cropped-logo-mythiqs@1x.png","contentUrl":"https:\/\/mythiqs.fr\/wp-content\/uploads\/2022\/05\/cropped-logo-mythiqs@1x.png","width":512,"height":512,"caption":"Mythiqs"},"image":{"@id":"https:\/\/mythiqs.fr\/#\/schema\/logo\/image\/"},"sameAs":["https:\/\/www.facebook.com\/mythiqs\/","https:\/\/x.com\/InfoMythiqs","https:\/\/www.linkedin.com\/company\/15221483\/admin\/updates\/","https:\/\/www.instagram.com\/mythiqs\/","https:\/\/www.youtube.com\/channel\/UCfo4CuASuq9PoX--Z7C9UWg"]},{"@type":"Person","@id":"https:\/\/mythiqs.fr\/#\/schema\/person\/e3fd61620a6a5c9d9765f5de083c3986","name":"admin-agencels","image":{"@type":"ImageObject","inLanguage":"en-GB","@id":"https:\/\/secure.gravatar.com\/avatar\/8f42de83268375d411dffdef58ab203c477840dd3b5fec1834d94b3b3752d5c6?s=96&d=mm&r=g","url":"https:\/\/secure.gravatar.com\/avatar\/8f42de83268375d411dffdef58ab203c477840dd3b5fec1834d94b3b3752d5c6?s=96&d=mm&r=g","contentUrl":"https:\/\/secure.gravatar.com\/avatar\/8f42de83268375d411dffdef58ab203c477840dd3b5fec1834d94b3b3752d5c6?s=96&d=mm&r=g","caption":"admin-agencels"},"url":"https:\/\/mythiqs.fr\/en\/blog\/author\/admin-agencels\/"}]}},"_links":{"self":[{"href":"https:\/\/mythiqs.fr\/en\/wp-json\/wp\/v2\/posts\/2118","targetHints":{"allow":["GET"]}}],"collection":[{"href":"https:\/\/mythiqs.fr\/en\/wp-json\/wp\/v2\/posts"}],"about":[{"href":"https:\/\/mythiqs.fr\/en\/wp-json\/wp\/v2\/types\/post"}],"author":[{"embeddable":true,"href":"https:\/\/mythiqs.fr\/en\/wp-json\/wp\/v2\/users\/3"}],"replies":[{"embeddable":true,"href":"https:\/\/mythiqs.fr\/en\/wp-json\/wp\/v2\/comments?post=2118"}],"version-history":[{"count":1,"href":"https:\/\/mythiqs.fr\/en\/wp-json\/wp\/v2\/posts\/2118\/revisions"}],"predecessor-version":[{"id":2120,"href":"https:\/\/mythiqs.fr\/en\/wp-json\/wp\/v2\/posts\/2118\/revisions\/2120"}],"wp:featuredmedia":[{"embeddable":true,"href":"https:\/\/mythiqs.fr\/en\/wp-json\/wp\/v2\/media\/2119"}],"wp:attachment":[{"href":"https:\/\/mythiqs.fr\/en\/wp-json\/wp\/v2\/media?parent=2118"}],"wp:term":[{"taxonomy":"category","embeddable":true,"href":"https:\/\/mythiqs.fr\/en\/wp-json\/wp\/v2\/categories?post=2118"},{"taxonomy":"post_tag","embeddable":true,"href":"https:\/\/mythiqs.fr\/en\/wp-json\/wp\/v2\/tags?post=2118"}],"curies":[{"name":"wp","href":"https:\/\/api.w.org\/{rel}","templated":true}]}}