{"id":2152,"date":"2024-04-23T12:55:40","date_gmt":"2024-04-23T10:55:40","guid":{"rendered":"https:\/\/mythiqs.fr\/?p=2152"},"modified":"2025-07-02T16:00:17","modified_gmt":"2025-07-02T14:00:17","slug":"ameliorer-le-montage-et-le-demontage-des-stands-dexposition","status":"publish","type":"post","link":"https:\/\/mythiqs.fr\/en\/blog\/ameliorer-le-montage-et-le-demontage-des-stands-dexposition\/","title":{"rendered":"Am\u00e9liorer le montage et le d\u00e9montage des stands d&rsquo;exposition"},"content":{"rendered":"<p>Vous \u00eates-vous d\u00e9j\u00e0 demand\u00e9 comment optimiser le montage et d\u00e9montage de votre <a href=\"https:\/\/mythiqs.fr\/en\/\"><strong>stand d&rsquo;exposition <\/strong><\/a>?<\/p>\n<h2><strong>Les d\u00e9fis du montage de stand<\/strong><\/h2>\n<p>Le <a href=\"https:\/\/mythiqs.fr\/en\/blog\/montage-de-stand-comment-ca-se-passe\/\"><strong>montage d&rsquo;un\u00a0stand<\/strong><\/a> d&rsquo;exposition\u00a0repr\u00e9sente un d\u00e9fi majeur pour toute entreprise d\u00e9sireuse de faire une impression significative lors d&rsquo;\u00e9v\u00e9nements professionnels. Il faut consid\u00e9rer l&rsquo;efficacit\u00e9, le visuel et les \u00e9l\u00e9ments logistiques cruciaux li\u00e9s \u00e0 l&rsquo;installation du stand. Maximiser la fonctionnalit\u00e9 tout en conservant une apparence attrayante est le principal obstacle. Cela n\u00e9cessite des comp\u00e9tences sp\u00e9cifiques pour \u00e9quilibrer ces deux aspects sans compromettre le message de marque que vous souhaitez v\u00e9hiculer.<\/p>\n<ul>\n<li>Les mat\u00e9riaux s\u00e9lectionn\u00e9s doivent garantir durabilit\u00e9 et esth\u00e9tique.<\/li>\n<li><strong>Une conception accrocheuse<\/strong>\u00a0est n\u00e9cessaire pour attirer l&rsquo;attention du public.<\/li>\n<li>L&rsquo;espace doit \u00eatre am\u00e9nag\u00e9 efficacement facilitant circulation et acc\u00e8s aux informations.<\/li>\n<li>L&rsquo;\u00e9clairage doit \u00eatre g\u00e9r\u00e9 correctement afin de mettre en valeur les produits ou services pr\u00e9sent\u00e9s.<\/li>\n<li><strong>Un assemblage rapide et facile<\/strong>\u00a0permet d&rsquo;\u00e9conomiser temps et efforts sur place.<\/li>\n<\/ul>\n<p>La\u00a0<a href=\"https:\/\/mythiqs.fr\/en\/blog\/gestion-logistique-dun-stand-exposition\/\">gestion logistique ad\u00e9quate<\/a> s&rsquo;av\u00e8re primordiale, particuli\u00e8rement aujourd&rsquo;hui o\u00f9 il est imp\u00e9ratif de minimiser les d\u00e9lais d&rsquo;assemblage et de d\u00e9montage afin d&rsquo;\u00e9viter les inconv\u00e9nients sur site. Am\u00e9liorer le montage et le d\u00e9montage des stands n&rsquo;est pas seulement question d&rsquo;esth\u00e9tique mais aussi un point cl\u00e9 permettant aux exposants de se concentrer pleinement sur leurs objectifs commerciaux lors des divers \u00e9v\u00e9nements.<\/p>\n<h2><strong>L&rsquo;optimisation du processus de montage de stand d\u2019exposition<\/strong><\/h2>\n<p><strong>L&rsquo;optimisation du processus d\u2019assemblage<\/strong>\u00a0rev\u00eat une importance capitale dans le <strong>montage des stands d&rsquo;exposition<\/strong>. Elle r\u00e9duit les co\u00fbts et accro\u00eet la productivit\u00e9.<\/p>\n<p>Pour maximiser ce processus, l&rsquo;usage de\u00a0<strong>techniques novatrices<\/strong>\u00a0s&rsquo;av\u00e8re essentiel lors de la <a href=\"https:\/\/mythiqs.fr\/en\/prestations\/\"><strong>fabrication de stand<\/strong><\/a> en atelier de menuiserie. Les pi\u00e8ces fabriqu\u00e9es se montent ou d\u00e9montent rapidement en fonction du besoin sp\u00e9cifique \u00e0 chaque exposition.<\/p>\n<p>All\u00e9ger le poids des mat\u00e9riaux utilis\u00e9s facilite leur transport et donc leur installation sur site. Une \u00e9tude minutieuse du <strong>plan du stand<\/strong> avant assemblage permet d&rsquo;\u00e9viter les erreurs qui pourraient entraver son bon d\u00e9roulement ou provoquer un retard pr\u00e9judiciable.<\/p>\n<p>Le recours \u00e0 ces m\u00e9thodes optimise consid\u00e9rablement notre approche du montage de\u00a0<strong>stand<\/strong>.<\/p>\n<h2><strong>Les strat\u00e9gies pour un d\u00e9montage efficace de votre stand<\/strong><\/h2>\n<h3><strong>D\u00e9montage rapide et s\u00e9curis\u00e9<\/strong><\/h3>\n<p>Dans une dynamique d&rsquo;efficacit\u00e9, le d\u00e9montage d&rsquo;un stand doit \u00eatre\u00a0<strong>rapide<\/strong>\u00a0tout en respectant scrupuleusement les exigences de s\u00e9curit\u00e9. Pour atteindre cet objectif, nous recommandons un plan d\u00e9taill\u00e9 de d\u00e9construction suivant une logique invers\u00e9e \u00e0 celle du montage. Une telle d\u00e9marche permettra d&rsquo;\u00e9viter toute n\u00e9gligence susceptible de provoquer des accidents ou des dommages mat\u00e9riels. L&#8217;emploi d&rsquo;\u00e9quipements appropri\u00e9s et la d\u00e9finition pr\u00e9cise des responsabilit\u00e9s pour chaque intervenant sont \u00e9galement cruciaux lors de cette phase.<\/p>\n<h3><strong>Gestion post-d\u00e9montage<\/strong><\/h3>\n<p>Une fois le d\u00e9montage termin\u00e9, veillez \u00e0 ce que tous les \u00e9l\u00e9ments soient correctement emball\u00e9s et stock\u00e9s pour pr\u00e9venir toute d\u00e9t\u00e9rioration. Proc\u00e9dez \u00e0 un inventaire m\u00e9ticuleux afin de contr\u00f4ler l&rsquo;\u00e9tat de chaque pi\u00e8ce, anticiper les \u00e9ventuelles r\u00e9parations n\u00e9cessaires et faciliter leur r\u00e9utilisation ult\u00e9rieure. La gestion apr\u00e8s le d\u00e9montage est par cons\u00e9quent une \u00e9tape primordiale qui assure la long\u00e9vit\u00e9 du mat\u00e9riel et planifie efficacement vos montages futurs avec un <a href=\"https:\/\/mythiqs.fr\/en\/blog\/gestion-logistique-dun-stand-exposition\/\"><strong>stockage de stand<\/strong><\/a> dans nos ateliers.<\/p>\n<h2><strong>Les b\u00e9n\u00e9fices d&rsquo;une meilleure organisation<\/strong><\/h2>\n<p>Une organisation efficace dans le montage et le d\u00e9montage des stands d&rsquo;exposition entra\u00eene une s\u00e9rie de b\u00e9n\u00e9fices non n\u00e9gligeables. C&rsquo;est un facteur qui permet de gagner du temps pr\u00e9cieux, lors du d\u00e9ploiement initial ou pendant les op\u00e9rations post\u00e9rieures de maintenance et modification. Cette\u00a0<strong>efficience<\/strong>\u00a0se manifeste par des co\u00fbts r\u00e9duits pour l&rsquo;\u00e9quipe sur place et\u00a0<strong>optimise<\/strong>\u00a0la productivit\u00e9 globale.<\/p>\n<ul>\n<li><strong>Diminution du stress<\/strong>\u00a0: Les membres de l&rsquo;\u00e9quipe, moins press\u00e9s, accomplissent leur travail plus sereinement.<\/li>\n<li><strong>Am\u00e9lioration de la s\u00e9curit\u00e9<\/strong>\u00a0: Un stand correctement mont\u00e9 offre une meilleure protection pour tous ceux qui l&rsquo;utilisent ou travaillent \u00e0 proximit\u00e9.<\/li>\n<li><strong>Optimisation du temps<\/strong>\u00a0: Moins de temps consacr\u00e9 au montage signifie plus de temps pour se concentrer sur l&rsquo;utilisation effective du stand et sur la r\u00e9ception des visiteurs.<\/li>\n<li>R\u00e9duction des ressources : Une planification ad\u00e9quate peut diminuer les co\u00fbts associ\u00e9s au transport, au stockage et \u00e0 la main-d&rsquo;\u0153uvre.<\/li>\n<\/ul>\n<p>Ces avantages soulignent parfaitement pourquoi il est essentiel d&rsquo;avoir une approche syst\u00e9matis\u00e9e vis-\u00e0-vis du processus d\u2019installation par votre <a href=\"https:\/\/mythiqs.fr\/en\/menuiserie-de-stand\/\"><strong>fabricant de stand<\/strong><\/a>. Nous insistons fortement sur ces points car ils garantissent un gain tangible tant au niveau mon\u00e9taire qu\u2019en termes qualitatifs. Une meilleure organisation n&rsquo;est jamais superflue mais toujours b\u00e9n\u00e9fique.<\/p>\n<p>Vous avez des questions\u00a0? Besoin d\u2019information pour fabriquer votre projet\u00a0? contactez Mythiqs au 01 60 01 18 18<\/p>","protected":false},"excerpt":{"rendered":"<p>Le montage d&rsquo;un stand d&rsquo;exposition repr\u00e9sente un d\u00e9fi majeur pour toute entreprise d\u00e9sireuse de faire une impression significative lors d&rsquo;\u00e9v\u00e9nements professionnels. Il faut consid\u00e9rer l&rsquo;efficacit\u00e9, le visuel et les \u00e9l\u00e9ments logistiques <\/p>","protected":false},"author":3,"featured_media":2153,"comment_status":"closed","ping_status":"open","sticky":false,"template":"","format":"standard","meta":{"_et_pb_use_builder":"","_et_pb_old_content":"","_et_gb_content_width":"","footnotes":""},"categories":[1],"tags":[],"class_list":["post-2152","post","type-post","status-publish","format-standard","has-post-thumbnail","hentry","category-non-classe"],"yoast_head":"<!-- This site is optimized with the Yoast SEO plugin v28.3 - https:\/\/yoast.com\/product\/yoast-seo-wordpress\/ -->\n<title>Optimisation du montage\/d\u00e9montage stands exposition<\/title>\n<meta name=\"description\" content=\"Optimisez le montage et le d\u00e9montage de vos stands d&#039;exposition. D\u00e9couvrez les nombreux b\u00e9n\u00e9fices d&#039;une meilleure organisation.\" \/>\n<meta name=\"robots\" content=\"index, follow, max-snippet:-1, max-image-preview:large, max-video-preview:-1\" \/>\n<link rel=\"canonical\" href=\"https:\/\/mythiqs.fr\/en\/blog\/ameliorer-le-montage-et-le-demontage-des-stands-dexposition\/\" \/>\n<meta property=\"og:locale\" content=\"en_GB\" \/>\n<meta property=\"og:type\" content=\"article\" \/>\n<meta property=\"og:title\" content=\"Optimisation du montage\/d\u00e9montage stands exposition\" \/>\n<meta property=\"og:description\" content=\"Optimisez le montage et le d\u00e9montage de vos stands d&#039;exposition. D\u00e9couvrez les nombreux b\u00e9n\u00e9fices d&#039;une meilleure organisation.\" \/>\n<meta property=\"og:url\" content=\"https:\/\/mythiqs.fr\/en\/blog\/ameliorer-le-montage-et-le-demontage-des-stands-dexposition\/\" \/>\n<meta property=\"og:site_name\" content=\"Mythiqs\" \/>\n<meta property=\"article:publisher\" content=\"https:\/\/www.facebook.com\/mythiqs\/\" \/>\n<meta property=\"article:published_time\" content=\"2024-04-23T10:55:40+00:00\" \/>\n<meta property=\"article:modified_time\" content=\"2025-07-02T14:00:17+00:00\" \/>\n<meta property=\"og:image\" content=\"https:\/\/mythiqs.fr\/wp-content\/uploads\/2024\/04\/2024-05-C.jpg\" \/>\n\t<meta property=\"og:image:width\" content=\"720\" \/>\n\t<meta property=\"og:image:height\" content=\"340\" \/>\n\t<meta property=\"og:image:type\" content=\"image\/jpeg\" \/>\n<meta name=\"author\" content=\"admin-agencels\" \/>\n<meta name=\"twitter:card\" content=\"summary_large_image\" \/>\n<meta name=\"twitter:creator\" content=\"@InfoMythiqs\" \/>\n<meta name=\"twitter:site\" content=\"@InfoMythiqs\" \/>\n<meta name=\"twitter:label1\" content=\"Written by\" \/>\n\t<meta name=\"twitter:data1\" content=\"admin-agencels\" \/>\n\t<meta name=\"twitter:label2\" content=\"Estimated reading time\" \/>\n\t<meta name=\"twitter:data2\" content=\"4 minutes\" \/>\n<script type=\"application\/ld+json\" class=\"yoast-schema-graph\">{\"@context\":\"https:\\\/\\\/schema.org\",\"@graph\":[{\"@type\":\"Article\",\"@id\":\"https:\\\/\\\/mythiqs.fr\\\/blog\\\/ameliorer-le-montage-et-le-demontage-des-stands-dexposition\\\/#article\",\"isPartOf\":{\"@id\":\"https:\\\/\\\/mythiqs.fr\\\/blog\\\/ameliorer-le-montage-et-le-demontage-des-stands-dexposition\\\/\"},\"author\":{\"name\":\"admin-agencels\",\"@id\":\"https:\\\/\\\/mythiqs.fr\\\/#\\\/schema\\\/person\\\/e3fd61620a6a5c9d9765f5de083c3986\"},\"headline\":\"Am\u00e9liorer le montage et le d\u00e9montage des stands d&rsquo;exposition\",\"datePublished\":\"2024-04-23T10:55:40+00:00\",\"dateModified\":\"2025-07-02T14:00:17+00:00\",\"mainEntityOfPage\":{\"@id\":\"https:\\\/\\\/mythiqs.fr\\\/blog\\\/ameliorer-le-montage-et-le-demontage-des-stands-dexposition\\\/\"},\"wordCount\":855,\"publisher\":{\"@id\":\"https:\\\/\\\/mythiqs.fr\\\/#organization\"},\"image\":{\"@id\":\"https:\\\/\\\/mythiqs.fr\\\/blog\\\/ameliorer-le-montage-et-le-demontage-des-stands-dexposition\\\/#primaryimage\"},\"thumbnailUrl\":\"https:\\\/\\\/mythiqs.fr\\\/wp-content\\\/uploads\\\/2024\\\/04\\\/2024-05-C.jpg\",\"articleSection\":[\"Non class\u00e9\"],\"inLanguage\":\"en-GB\"},{\"@type\":\"WebPage\",\"@id\":\"https:\\\/\\\/mythiqs.fr\\\/blog\\\/ameliorer-le-montage-et-le-demontage-des-stands-dexposition\\\/\",\"url\":\"https:\\\/\\\/mythiqs.fr\\\/blog\\\/ameliorer-le-montage-et-le-demontage-des-stands-dexposition\\\/\",\"name\":\"Optimisation du montage\\\/d\u00e9montage stands exposition\",\"isPartOf\":{\"@id\":\"https:\\\/\\\/mythiqs.fr\\\/#website\"},\"primaryImageOfPage\":{\"@id\":\"https:\\\/\\\/mythiqs.fr\\\/blog\\\/ameliorer-le-montage-et-le-demontage-des-stands-dexposition\\\/#primaryimage\"},\"image\":{\"@id\":\"https:\\\/\\\/mythiqs.fr\\\/blog\\\/ameliorer-le-montage-et-le-demontage-des-stands-dexposition\\\/#primaryimage\"},\"thumbnailUrl\":\"https:\\\/\\\/mythiqs.fr\\\/wp-content\\\/uploads\\\/2024\\\/04\\\/2024-05-C.jpg\",\"datePublished\":\"2024-04-23T10:55:40+00:00\",\"dateModified\":\"2025-07-02T14:00:17+00:00\",\"description\":\"Optimisez le montage et le d\u00e9montage de vos stands d'exposition. D\u00e9couvrez les nombreux b\u00e9n\u00e9fices d'une meilleure organisation.\",\"breadcrumb\":{\"@id\":\"https:\\\/\\\/mythiqs.fr\\\/blog\\\/ameliorer-le-montage-et-le-demontage-des-stands-dexposition\\\/#breadcrumb\"},\"inLanguage\":\"en-GB\",\"potentialAction\":[{\"@type\":\"ReadAction\",\"target\":[\"https:\\\/\\\/mythiqs.fr\\\/blog\\\/ameliorer-le-montage-et-le-demontage-des-stands-dexposition\\\/\"]}]},{\"@type\":\"ImageObject\",\"inLanguage\":\"en-GB\",\"@id\":\"https:\\\/\\\/mythiqs.fr\\\/blog\\\/ameliorer-le-montage-et-le-demontage-des-stands-dexposition\\\/#primaryimage\",\"url\":\"https:\\\/\\\/mythiqs.fr\\\/wp-content\\\/uploads\\\/2024\\\/04\\\/2024-05-C.jpg\",\"contentUrl\":\"https:\\\/\\\/mythiqs.fr\\\/wp-content\\\/uploads\\\/2024\\\/04\\\/2024-05-C.jpg\",\"width\":720,\"height\":340,\"caption\":\"montage de stand d'exposition\"},{\"@type\":\"BreadcrumbList\",\"@id\":\"https:\\\/\\\/mythiqs.fr\\\/blog\\\/ameliorer-le-montage-et-le-demontage-des-stands-dexposition\\\/#breadcrumb\",\"itemListElement\":[{\"@type\":\"ListItem\",\"position\":1,\"name\":\"Accueil\",\"item\":\"https:\\\/\\\/mythiqs.fr\\\/\"},{\"@type\":\"ListItem\",\"position\":2,\"name\":\"Am\u00e9liorer le montage et le d\u00e9montage des stands d&rsquo;exposition\"}]},{\"@type\":\"WebSite\",\"@id\":\"https:\\\/\\\/mythiqs.fr\\\/#website\",\"url\":\"https:\\\/\\\/mythiqs.fr\\\/\",\"name\":\"Mythiqs\",\"description\":\"FABRICANT DE STAND SUR MESURE\",\"publisher\":{\"@id\":\"https:\\\/\\\/mythiqs.fr\\\/#organization\"},\"potentialAction\":[{\"@type\":\"SearchAction\",\"target\":{\"@type\":\"EntryPoint\",\"urlTemplate\":\"https:\\\/\\\/mythiqs.fr\\\/?s={search_term_string}\"},\"query-input\":{\"@type\":\"PropertyValueSpecification\",\"valueRequired\":true,\"valueName\":\"search_term_string\"}}],\"inLanguage\":\"en-GB\"},{\"@type\":\"Organization\",\"@id\":\"https:\\\/\\\/mythiqs.fr\\\/#organization\",\"name\":\"Mythiqs\",\"url\":\"https:\\\/\\\/mythiqs.fr\\\/\",\"logo\":{\"@type\":\"ImageObject\",\"inLanguage\":\"en-GB\",\"@id\":\"https:\\\/\\\/mythiqs.fr\\\/#\\\/schema\\\/logo\\\/image\\\/\",\"url\":\"https:\\\/\\\/mythiqs.fr\\\/wp-content\\\/uploads\\\/2022\\\/05\\\/cropped-logo-mythiqs@1x.png\",\"contentUrl\":\"https:\\\/\\\/mythiqs.fr\\\/wp-content\\\/uploads\\\/2022\\\/05\\\/cropped-logo-mythiqs@1x.png\",\"width\":512,\"height\":512,\"caption\":\"Mythiqs\"},\"image\":{\"@id\":\"https:\\\/\\\/mythiqs.fr\\\/#\\\/schema\\\/logo\\\/image\\\/\"},\"sameAs\":[\"https:\\\/\\\/www.facebook.com\\\/mythiqs\\\/\",\"https:\\\/\\\/x.com\\\/InfoMythiqs\",\"https:\\\/\\\/www.linkedin.com\\\/company\\\/15221483\\\/admin\\\/updates\\\/\",\"https:\\\/\\\/www.instagram.com\\\/mythiqs\\\/\",\"https:\\\/\\\/www.youtube.com\\\/channel\\\/UCfo4CuASuq9PoX--Z7C9UWg\"]},{\"@type\":\"Person\",\"@id\":\"https:\\\/\\\/mythiqs.fr\\\/#\\\/schema\\\/person\\\/e3fd61620a6a5c9d9765f5de083c3986\",\"name\":\"admin-agencels\",\"image\":{\"@type\":\"ImageObject\",\"inLanguage\":\"en-GB\",\"@id\":\"https:\\\/\\\/secure.gravatar.com\\\/avatar\\\/8f42de83268375d411dffdef58ab203c477840dd3b5fec1834d94b3b3752d5c6?s=96&d=mm&r=g\",\"url\":\"https:\\\/\\\/secure.gravatar.com\\\/avatar\\\/8f42de83268375d411dffdef58ab203c477840dd3b5fec1834d94b3b3752d5c6?s=96&d=mm&r=g\",\"contentUrl\":\"https:\\\/\\\/secure.gravatar.com\\\/avatar\\\/8f42de83268375d411dffdef58ab203c477840dd3b5fec1834d94b3b3752d5c6?s=96&d=mm&r=g\",\"caption\":\"admin-agencels\"},\"url\":\"https:\\\/\\\/mythiqs.fr\\\/en\\\/blog\\\/author\\\/admin-agencels\\\/\"}]}<\/script>\n<!-- \/ Yoast SEO plugin. -->","yoast_head_json":{"title":"Optimisation du montage\/d\u00e9montage stands exposition","description":"Optimisez le montage et le d\u00e9montage de vos stands d'exposition. D\u00e9couvrez les nombreux b\u00e9n\u00e9fices d'une meilleure organisation.","robots":{"index":"index","follow":"follow","max-snippet":"max-snippet:-1","max-image-preview":"max-image-preview:large","max-video-preview":"max-video-preview:-1"},"canonical":"https:\/\/mythiqs.fr\/en\/blog\/ameliorer-le-montage-et-le-demontage-des-stands-dexposition\/","og_locale":"en_GB","og_type":"article","og_title":"Optimisation du montage\/d\u00e9montage stands exposition","og_description":"Optimisez le montage et le d\u00e9montage de vos stands d'exposition. D\u00e9couvrez les nombreux b\u00e9n\u00e9fices d'une meilleure organisation.","og_url":"https:\/\/mythiqs.fr\/en\/blog\/ameliorer-le-montage-et-le-demontage-des-stands-dexposition\/","og_site_name":"Mythiqs","article_publisher":"https:\/\/www.facebook.com\/mythiqs\/","article_published_time":"2024-04-23T10:55:40+00:00","article_modified_time":"2025-07-02T14:00:17+00:00","og_image":[{"width":720,"height":340,"url":"https:\/\/mythiqs.fr\/wp-content\/uploads\/2024\/04\/2024-05-C.jpg","type":"image\/jpeg"}],"author":"admin-agencels","twitter_card":"summary_large_image","twitter_creator":"@InfoMythiqs","twitter_site":"@InfoMythiqs","twitter_misc":{"Written by":"admin-agencels","Estimated reading time":"4 minutes"},"schema":{"@context":"https:\/\/schema.org","@graph":[{"@type":"Article","@id":"https:\/\/mythiqs.fr\/blog\/ameliorer-le-montage-et-le-demontage-des-stands-dexposition\/#article","isPartOf":{"@id":"https:\/\/mythiqs.fr\/blog\/ameliorer-le-montage-et-le-demontage-des-stands-dexposition\/"},"author":{"name":"admin-agencels","@id":"https:\/\/mythiqs.fr\/#\/schema\/person\/e3fd61620a6a5c9d9765f5de083c3986"},"headline":"Am\u00e9liorer le montage et le d\u00e9montage des stands d&rsquo;exposition","datePublished":"2024-04-23T10:55:40+00:00","dateModified":"2025-07-02T14:00:17+00:00","mainEntityOfPage":{"@id":"https:\/\/mythiqs.fr\/blog\/ameliorer-le-montage-et-le-demontage-des-stands-dexposition\/"},"wordCount":855,"publisher":{"@id":"https:\/\/mythiqs.fr\/#organization"},"image":{"@id":"https:\/\/mythiqs.fr\/blog\/ameliorer-le-montage-et-le-demontage-des-stands-dexposition\/#primaryimage"},"thumbnailUrl":"https:\/\/mythiqs.fr\/wp-content\/uploads\/2024\/04\/2024-05-C.jpg","articleSection":["Non class\u00e9"],"inLanguage":"en-GB"},{"@type":"WebPage","@id":"https:\/\/mythiqs.fr\/blog\/ameliorer-le-montage-et-le-demontage-des-stands-dexposition\/","url":"https:\/\/mythiqs.fr\/blog\/ameliorer-le-montage-et-le-demontage-des-stands-dexposition\/","name":"Optimisation du montage\/d\u00e9montage stands exposition","isPartOf":{"@id":"https:\/\/mythiqs.fr\/#website"},"primaryImageOfPage":{"@id":"https:\/\/mythiqs.fr\/blog\/ameliorer-le-montage-et-le-demontage-des-stands-dexposition\/#primaryimage"},"image":{"@id":"https:\/\/mythiqs.fr\/blog\/ameliorer-le-montage-et-le-demontage-des-stands-dexposition\/#primaryimage"},"thumbnailUrl":"https:\/\/mythiqs.fr\/wp-content\/uploads\/2024\/04\/2024-05-C.jpg","datePublished":"2024-04-23T10:55:40+00:00","dateModified":"2025-07-02T14:00:17+00:00","description":"Optimisez le montage et le d\u00e9montage de vos stands d'exposition. D\u00e9couvrez les nombreux b\u00e9n\u00e9fices d'une meilleure organisation.","breadcrumb":{"@id":"https:\/\/mythiqs.fr\/blog\/ameliorer-le-montage-et-le-demontage-des-stands-dexposition\/#breadcrumb"},"inLanguage":"en-GB","potentialAction":[{"@type":"ReadAction","target":["https:\/\/mythiqs.fr\/blog\/ameliorer-le-montage-et-le-demontage-des-stands-dexposition\/"]}]},{"@type":"ImageObject","inLanguage":"en-GB","@id":"https:\/\/mythiqs.fr\/blog\/ameliorer-le-montage-et-le-demontage-des-stands-dexposition\/#primaryimage","url":"https:\/\/mythiqs.fr\/wp-content\/uploads\/2024\/04\/2024-05-C.jpg","contentUrl":"https:\/\/mythiqs.fr\/wp-content\/uploads\/2024\/04\/2024-05-C.jpg","width":720,"height":340,"caption":"montage de stand d'exposition"},{"@type":"BreadcrumbList","@id":"https:\/\/mythiqs.fr\/blog\/ameliorer-le-montage-et-le-demontage-des-stands-dexposition\/#breadcrumb","itemListElement":[{"@type":"ListItem","position":1,"name":"Accueil","item":"https:\/\/mythiqs.fr\/"},{"@type":"ListItem","position":2,"name":"Am\u00e9liorer le montage et le d\u00e9montage des stands d&rsquo;exposition"}]},{"@type":"WebSite","@id":"https:\/\/mythiqs.fr\/#website","url":"https:\/\/mythiqs.fr\/","name":"Mythiqs","description":"FABRICANT DE STAND SUR MESURE","publisher":{"@id":"https:\/\/mythiqs.fr\/#organization"},"potentialAction":[{"@type":"SearchAction","target":{"@type":"EntryPoint","urlTemplate":"https:\/\/mythiqs.fr\/?s={search_term_string}"},"query-input":{"@type":"PropertyValueSpecification","valueRequired":true,"valueName":"search_term_string"}}],"inLanguage":"en-GB"},{"@type":"Organization","@id":"https:\/\/mythiqs.fr\/#organization","name":"Mythiqs","url":"https:\/\/mythiqs.fr\/","logo":{"@type":"ImageObject","inLanguage":"en-GB","@id":"https:\/\/mythiqs.fr\/#\/schema\/logo\/image\/","url":"https:\/\/mythiqs.fr\/wp-content\/uploads\/2022\/05\/cropped-logo-mythiqs@1x.png","contentUrl":"https:\/\/mythiqs.fr\/wp-content\/uploads\/2022\/05\/cropped-logo-mythiqs@1x.png","width":512,"height":512,"caption":"Mythiqs"},"image":{"@id":"https:\/\/mythiqs.fr\/#\/schema\/logo\/image\/"},"sameAs":["https:\/\/www.facebook.com\/mythiqs\/","https:\/\/x.com\/InfoMythiqs","https:\/\/www.linkedin.com\/company\/15221483\/admin\/updates\/","https:\/\/www.instagram.com\/mythiqs\/","https:\/\/www.youtube.com\/channel\/UCfo4CuASuq9PoX--Z7C9UWg"]},{"@type":"Person","@id":"https:\/\/mythiqs.fr\/#\/schema\/person\/e3fd61620a6a5c9d9765f5de083c3986","name":"admin-agencels","image":{"@type":"ImageObject","inLanguage":"en-GB","@id":"https:\/\/secure.gravatar.com\/avatar\/8f42de83268375d411dffdef58ab203c477840dd3b5fec1834d94b3b3752d5c6?s=96&d=mm&r=g","url":"https:\/\/secure.gravatar.com\/avatar\/8f42de83268375d411dffdef58ab203c477840dd3b5fec1834d94b3b3752d5c6?s=96&d=mm&r=g","contentUrl":"https:\/\/secure.gravatar.com\/avatar\/8f42de83268375d411dffdef58ab203c477840dd3b5fec1834d94b3b3752d5c6?s=96&d=mm&r=g","caption":"admin-agencels"},"url":"https:\/\/mythiqs.fr\/en\/blog\/author\/admin-agencels\/"}]}},"_links":{"self":[{"href":"https:\/\/mythiqs.fr\/en\/wp-json\/wp\/v2\/posts\/2152","targetHints":{"allow":["GET"]}}],"collection":[{"href":"https:\/\/mythiqs.fr\/en\/wp-json\/wp\/v2\/posts"}],"about":[{"href":"https:\/\/mythiqs.fr\/en\/wp-json\/wp\/v2\/types\/post"}],"author":[{"embeddable":true,"href":"https:\/\/mythiqs.fr\/en\/wp-json\/wp\/v2\/users\/3"}],"replies":[{"embeddable":true,"href":"https:\/\/mythiqs.fr\/en\/wp-json\/wp\/v2\/comments?post=2152"}],"version-history":[{"count":1,"href":"https:\/\/mythiqs.fr\/en\/wp-json\/wp\/v2\/posts\/2152\/revisions"}],"predecessor-version":[{"id":2154,"href":"https:\/\/mythiqs.fr\/en\/wp-json\/wp\/v2\/posts\/2152\/revisions\/2154"}],"wp:featuredmedia":[{"embeddable":true,"href":"https:\/\/mythiqs.fr\/en\/wp-json\/wp\/v2\/media\/2153"}],"wp:attachment":[{"href":"https:\/\/mythiqs.fr\/en\/wp-json\/wp\/v2\/media?parent=2152"}],"wp:term":[{"taxonomy":"category","embeddable":true,"href":"https:\/\/mythiqs.fr\/en\/wp-json\/wp\/v2\/categories?post=2152"},{"taxonomy":"post_tag","embeddable":true,"href":"https:\/\/mythiqs.fr\/en\/wp-json\/wp\/v2\/tags?post=2152"}],"curies":[{"name":"wp","href":"https:\/\/api.w.org\/{rel}","templated":true}]}}